{"id":2462,"date":"2026-04-27T10:26:41","date_gmt":"2026-04-27T08:26:41","guid":{"rendered":"https:\/\/mlspardubickehokraje.cz\/web\/?p=2462"},"modified":"2026-04-29T12:32:43","modified_gmt":"2026-04-29T10:32:43","slug":"bohemia-apetit-fest-2026","status":"publish","type":"post","link":"http:\/\/mlspardubickehokraje.cz\/web\/2026\/04\/27\/bohemia-apetit-fest-2026\/","title":{"rendered":"Bohemia Apetit Fest 2026"},"content":{"rendered":"\n<h1 class=\"wp-block-heading has-text-align-center\">V sobotu 9. kv\u011btna 2026 prob\u011bhne ji\u017e 5. ro\u010dn\u00edk chrudimsk\u00e9ho gastro festivalu Bohemia Apetit Fest.<br>Akce za\u010d\u00edn\u00e1 od 11 hodin.<br>NEVA\u0158TE a P\u0158IJ\u010eTE si zaMLSat do Kl\u00e1\u0161tern\u00edch zahrad v Chrudimi!<br>Vstup je zdarma.<\/h1>\n\n\n\n<p id=\"block-c7f645ec-548c-43bc-8f83-cfea2f26461f\">Od 20 hodin startuje koncert zn\u00e1m\u00e9 skupiny Eddie Stoilow!<\/p>\n\n\n\n<figure class=\"wp-block-image size-large\"><img loading=\"lazy\" decoding=\"async\" width=\"819\" height=\"1024\" src=\"https:\/\/mlspardubickehokraje.cz\/web\/wp-content\/uploads\/2026\/04\/BAF-plakat-819x1024.jpg\" alt=\"\" class=\"wp-image-2463\" srcset=\"http:\/\/mlspardubickehokraje.cz\/web\/wp-content\/uploads\/2026\/04\/BAF-plakat-819x1024.jpg 819w, http:\/\/mlspardubickehokraje.cz\/web\/wp-content\/uploads\/2026\/04\/BAF-plakat-240x300.jpg 240w, http:\/\/mlspardubickehokraje.cz\/web\/wp-content\/uploads\/2026\/04\/BAF-plakat-768x960.jpg 768w, http:\/\/mlspardubickehokraje.cz\/web\/wp-content\/uploads\/2026\/04\/BAF-plakat.jpg 1080w\" sizes=\"auto, (max-width: 819px) 100vw, 819px\" \/><\/figure>\n\n\n\n<p id=\"block-5c259636-d811-4d98-ac59-ff2fa87000df\">Budete moci zde ochutnat region\u00e1ln\u00ed potraviny od:<\/p>\n\n\n\n<p id=\"block-ee553f78-7656-4c79-9841-99e5088e0256\"> \ud83e\udd68 <a href=\"https:\/\/www.facebook.com\/vcelaronline\">Medovinka<\/a> &#8211; pe\u010divo a v\u00fdrobky z medu<\/p>\n\n\n\n<p id=\"block-0b48992c-f3e5-4bb2-8d62-20e1fc4a0da7\">\ud83e\udd55 <a href=\"https:\/\/www.facebook.com\/VyrobenoOdBrozi\">Vyrobeno od Br\u00f3\u017ei<\/a> (Martina Dosko\u010dilov\u00e1) &#8211; su\u0161en\u00e9 zeleninov\u00e9 buj\u00f3ny a sirupy<\/p>\n\n\n\n<p id=\"block-4969e198-b2b3-477a-90f2-d146cd84aaee\">\ud83d\udc2e <a href=\"https:\/\/www.facebook.com\/mlekarnajuliana\/\">Miniml\u00e9k\u00e1rna Juliana<\/a> &#8211; ml\u00e9\u010dn\u00e9 v\u00fdrobky<\/p>\n\n\n\n<p id=\"block-e9cfd14d-a182-46af-8d33-b7c38ed966cc\">\ud83e\udd43 <a href=\"https:\/\/www.facebook.com\/sudlicka\">FONTICULUS<\/a> &#8211; destil\u00e1ty<\/p>\n\n\n\n<p>\ud83c\udf6f Martin Bystr\u00fd &#8211; med a medovina<\/p>\n\n\n\n<p id=\"block-0cd38e17-7074-4b2e-967d-7ea066b9cdb3\">\ud83c\udf66 <a href=\"https:\/\/www.facebook.com\/zmrzlinazkunetic\">Zmrzlina z Kun\u011btic<\/a> (Zden\u011bk Pavlis) &#8211; \u0159emesln\u00e1 zmrzlina<\/p>\n\n\n\n<p id=\"block-e200a8cb-6755-4a99-945c-fe468d98eb6c\">\ud83d\udc10 <a href=\"https:\/\/www.facebook.com\/kozyprosetin\">Koz\u00ed farma Proset\u00edn<\/a> (Iveta Kopajov\u00e1) &#8211; koz\u00ed s\u00fdry a zmrzlina<\/p>\n\n\n\n<p id=\"block-371defe2-8c42-4864-aa3a-d1cdf15c98df\">\ud83c\udf7b <a href=\"https:\/\/www.facebook.com\/Veselkalitomysl\">Veselka Litomy\u0161l<\/a> &#8211; pivo<\/p>\n\n\n\n<p id=\"block-16b5f7f7-bf71-49a9-a06f-b98025a51814\"><\/p>\n\n\n\n<p id=\"block-b4bf86e1-92cb-4421-8e0c-ee60dd7571bd\"><\/p>\n\n\n\n<p id=\"block-7b56be5d-d81a-4c56-8134-b72861322842\">Pro d\u011bti zde bude p\u0159ipraven\u00fd st\u00e1nek s aktivitami Zem\u011bd\u011blstv\u00ed \u017eije!<\/p>\n\n\n\n<p id=\"block-7c089057-9f13-46aa-980f-c4d405e6f46c\"><\/p>\n\n\n\n<p id=\"block-438c8fc1-ae3e-4f6b-86ef-0a34ee8cfb3c\">V\u00edce informac\u00ed najdete na <a href=\"https:\/\/www.facebook.com\/events\/1447913883425602\">Facebooku<\/a>. T\u011b\u0161\u00edme se na V\u00e1s!<\/p>\n\n\n\n<p><\/p>\n\n\n\n<p><strong>Program<\/strong><\/p>\n\n\n<div class=\"wp-block-image\">\n<figure class=\"aligncenter size-large\"><img loading=\"lazy\" decoding=\"async\" width=\"724\" height=\"1024\" src=\"https:\/\/mlspardubickehokraje.cz\/web\/wp-content\/uploads\/2026\/04\/BAF5-program-2026-724x1024.png\" alt=\"\" class=\"wp-image-2466\" srcset=\"http:\/\/mlspardubickehokraje.cz\/web\/wp-content\/uploads\/2026\/04\/BAF5-program-2026-724x1024.png 724w, http:\/\/mlspardubickehokraje.cz\/web\/wp-content\/uploads\/2026\/04\/BAF5-program-2026-212x300.png 212w, http:\/\/mlspardubickehokraje.cz\/web\/wp-content\/uploads\/2026\/04\/BAF5-program-2026-768x1086.png 768w, http:\/\/mlspardubickehokraje.cz\/web\/wp-content\/uploads\/2026\/04\/BAF5-program-2026-1086x1536.png 1086w, http:\/\/mlspardubickehokraje.cz\/web\/wp-content\/uploads\/2026\/04\/BAF5-program-2026-1448x2048.png 1448w, http:\/\/mlspardubickehokraje.cz\/web\/wp-content\/uploads\/2026\/04\/BAF5-program-2026.png 1768w\" sizes=\"auto, (max-width: 724px) 100vw, 724px\" \/><\/figure>\n<\/div>\n\n\n<p><\/p>\n","protected":false},"excerpt":{"rendered":"<p>V sobotu 9. kv\u011btna 2026 prob\u011bhne ji\u017e 5. ro\u010dn\u00edk chrudimsk\u00e9ho gastro festivalu Bohemia Apetit Fest.Akce za\u010d\u00edn\u00e1 od 11 hodin.NEVA\u0158TE a P\u0158IJ\u010eTE si zaMLSat do Kl\u00e1\u0161tern\u00edch zahrad v Chrudimi!Vstup je zdarma. Od 20 hodin startuje koncert zn\u00e1m\u00e9 skupiny Eddie Stoilow! Budete moci zde ochutnat region\u00e1ln\u00ed potraviny od: \ud83e\udd68 Medovinka &#8211; pe\u010divo a v\u00fdrobky z medu \ud83e\udd55 [&hellip;]<\/p>\n","protected":false},"author":3,"featured_media":2465,"comment_status":"open","ping_status":"open","sticky":false,"template":"","format":"standard","meta":{"footnotes":""},"categories":[6],"tags":[],"class_list":["post-2462","post","type-post","status-publish","format-standard","has-post-thumbnail","hentry","category-akce","entry","has-media"],"_links":{"self":[{"href":"http:\/\/mlspardubickehokraje.cz\/web\/wp-json\/wp\/v2\/posts\/2462","targetHints":{"allow":["GET"]}}],"collection":[{"href":"http:\/\/mlspardubickehokraje.cz\/web\/wp-json\/wp\/v2\/posts"}],"about":[{"href":"http:\/\/mlspardubickehokraje.cz\/web\/wp-json\/wp\/v2\/types\/post"}],"author":[{"embeddable":true,"href":"http:\/\/mlspardubickehokraje.cz\/web\/wp-json\/wp\/v2\/users\/3"}],"replies":[{"embeddable":true,"href":"http:\/\/mlspardubickehokraje.cz\/web\/wp-json\/wp\/v2\/comments?post=2462"}],"version-history":[{"count":2,"href":"http:\/\/mlspardubickehokraje.cz\/web\/wp-json\/wp\/v2\/posts\/2462\/revisions"}],"predecessor-version":[{"id":2467,"href":"http:\/\/mlspardubickehokraje.cz\/web\/wp-json\/wp\/v2\/posts\/2462\/revisions\/2467"}],"wp:featuredmedia":[{"embeddable":true,"href":"http:\/\/mlspardubickehokraje.cz\/web\/wp-json\/wp\/v2\/media\/2465"}],"wp:attachment":[{"href":"http:\/\/mlspardubickehokraje.cz\/web\/wp-json\/wp\/v2\/media?parent=2462"}],"wp:term":[{"taxonomy":"category","embeddable":true,"href":"http:\/\/mlspardubickehokraje.cz\/web\/wp-json\/wp\/v2\/categories?post=2462"},{"taxonomy":"post_tag","embeddable":true,"href":"http:\/\/mlspardubickehokraje.cz\/web\/wp-json\/wp\/v2\/tags?post=2462"}],"curies":[{"name":"wp","href":"https:\/\/api.w.org\/{rel}","templated":true}]}}